{"id":774,"date":"2016-01-07T16:36:04","date_gmt":"2016-01-07T15:36:04","guid":{"rendered":"http:\/\/www.harpe-celtique.fr\/maisondelaharpe\/?p=774"},"modified":"2016-03-18T15:31:53","modified_gmt":"2016-03-18T14:31:53","slug":"stage-avec-cristine-merienne","status":"publish","type":"post","link":"https:\/\/www.harpe-celtique.fr\/maisondelaharpe\/stage-avec-cristine-merienne\/","title":{"rendered":"Stage avec Cristine M\u00e9rienne"},"content":{"rendered":"<p style=\"text-align: center;\">L&rsquo;association SKV de Saint-Brieuc organise un stage autour du chant accompagn\u00e9 \u00e0 la harpe celtique avec Cristine M\u00e9rienne pour intervenante. Les inscriptions sont ouvertes.<\/p>\n<p style=\"text-align: center;\"><a href=\"https:\/\/www.harpe-celtique.fr\/maisondelaharpe\/wp-content\/uploads\/\/2016\/02\/Stage-Cristine-Merienne.jpg\"><img fetchpriority=\"high\" decoding=\"async\" class=\"size-medium wp-image-776 aligncenter\" src=\"https:\/\/www.harpe-celtique.fr\/maisondelaharpe\/wp-content\/uploads\/\/2016\/02\/Stage-Cristine-Merienne-185x300.jpg\" alt=\"Stage Cristine Merienne\" width=\"185\" height=\"300\" srcset=\"https:\/\/www.harpe-celtique.fr\/maisondelaharpe\/wp-content\/uploads\/2016\/02\/Stage-Cristine-Merienne-185x300.jpg 185w, https:\/\/www.harpe-celtique.fr\/maisondelaharpe\/wp-content\/uploads\/2016\/02\/Stage-Cristine-Merienne-632x1024.jpg 632w\" sizes=\"(max-width: 185px) 100vw, 185px\" \/><\/a><\/p>\n<p style=\"text-align: center;\">Samedi 19 Mars<br \/>\n9:30-17:30<\/p>\n<p style=\"text-align: center;\">Villa Carm\u00e9lie, 55 rue Pinot Duclos, Saint-Brieuc.<\/p>\n<p style=\"text-align: center;\">Tarif: 35 \u20ac (30 \u20ac pour les adh\u00e9rents \u00e0 SKV)<\/p>\n<p style=\"text-align: center;\">Renseignements et inscription : 02 96 94 49 30<br \/>\nBulletin d&rsquo;inscription t\u00e9l\u00e9chargeable <a href=\"https:\/\/www.harpe-celtique.fr\/maisondelaharpe\/wp-content\/uploads\/\/2016\/02\/FICHE-DINSCRIPTION-AUX-STAGES-2016.doc\">ici<\/a><\/p>\n","protected":false},"excerpt":{"rendered":"<p>L&rsquo;association SKV de Saint-Brieuc organise un stage autour du chant accompagn\u00e9 \u00e0 la harpe celtique avec Cristine M\u00e9rienne pour intervenante. Les inscriptions sont ouvertes. Samedi&hellip; <\/p>\n","protected":false},"author":2,"featured_media":0,"comment_status":"closed","ping_status":"closed","sticky":false,"template":"","format":"standard","meta":{"footnotes":""},"categories":[1],"tags":[],"class_list":["post-774","post","type-post","status-publish","format-standard","hentry","category-actualite"],"_links":{"self":[{"href":"https:\/\/www.harpe-celtique.fr\/maisondelaharpe\/wp-json\/wp\/v2\/posts\/774","targetHints":{"allow":["GET"]}}],"collection":[{"href":"https:\/\/www.harpe-celtique.fr\/maisondelaharpe\/wp-json\/wp\/v2\/posts"}],"about":[{"href":"https:\/\/www.harpe-celtique.fr\/maisondelaharpe\/wp-json\/wp\/v2\/types\/post"}],"author":[{"embeddable":true,"href":"https:\/\/www.harpe-celtique.fr\/maisondelaharpe\/wp-json\/wp\/v2\/users\/2"}],"replies":[{"embeddable":true,"href":"https:\/\/www.harpe-celtique.fr\/maisondelaharpe\/wp-json\/wp\/v2\/comments?post=774"}],"version-history":[{"count":1,"href":"https:\/\/www.harpe-celtique.fr\/maisondelaharpe\/wp-json\/wp\/v2\/posts\/774\/revisions"}],"predecessor-version":[{"id":777,"href":"https:\/\/www.harpe-celtique.fr\/maisondelaharpe\/wp-json\/wp\/v2\/posts\/774\/revisions\/777"}],"wp:attachment":[{"href":"https:\/\/www.harpe-celtique.fr\/maisondelaharpe\/wp-json\/wp\/v2\/media?parent=774"}],"wp:term":[{"taxonomy":"category","embeddable":true,"href":"https:\/\/www.harpe-celtique.fr\/maisondelaharpe\/wp-json\/wp\/v2\/categories?post=774"},{"taxonomy":"post_tag","embeddable":true,"href":"https:\/\/www.harpe-celtique.fr\/maisondelaharpe\/wp-json\/wp\/v2\/tags?post=774"}],"curies":[{"name":"wp","href":"https:\/\/api.w.org\/{rel}","templated":true}]}}