{"id":597,"date":"2015-03-12T15:17:22","date_gmt":"2015-03-12T14:17:22","guid":{"rendered":"http:\/\/www.harpe-celtique.fr\/maisondelaharpe\/?p=597"},"modified":"2015-03-12T16:18:04","modified_gmt":"2015-03-12T15:18:04","slug":"concert-scolaire-vendredi-23-janvier-2015","status":"publish","type":"post","link":"https:\/\/www.harpe-celtique.fr\/maisondelaharpe\/concert-scolaire-vendredi-23-janvier-2015\/","title":{"rendered":"Concert scolaire &#8211; Vendredi 23 janvier 2015"},"content":{"rendered":"<p><a href=\"https:\/\/www.harpe-celtique.fr\/maisondelaharpe\/wp-content\/uploads\/\/2015\/03\/sans-titre1.jpg\"><img fetchpriority=\"high\" decoding=\"async\" class=\"size-medium wp-image-598 alignleft\" alt=\"sans titre1\" src=\"https:\/\/www.harpe-celtique.fr\/maisondelaharpe\/wp-content\/uploads\/\/2015\/03\/sans-titre1-300x197.jpg\" width=\"300\" height=\"197\" srcset=\"https:\/\/www.harpe-celtique.fr\/maisondelaharpe\/wp-content\/uploads\/2015\/03\/sans-titre1-300x197.jpg 300w, https:\/\/www.harpe-celtique.fr\/maisondelaharpe\/wp-content\/uploads\/2015\/03\/sans-titre1-1024x673.jpg 1024w\" sizes=\"(max-width: 300px) 100vw, 300px\" \/><\/a>Le vendredi 23 janvier, en matin\u00e9e, la Maison de la Harpe a organis\u00e9 un concert dans la salle Robert Schuman \u00e0 Dinan. Ce concert a rassembl\u00e9 une centaine de personnes, des scolaires de Pleurtuit, de Cr\u00e9hen et de l\u2019IME des Vall\u00e9es, mais aussi des r\u00e9sidents d\u2019EPHAD ou de foyers de vie de personnes handicap\u00e9es.<\/p>\n<p>Ce concert interg\u00e9n\u00e9rationnel fait partie d\u2019une saison autour de la fabrication de la harpe. Ainsi, les scolaires avaient pu au pr\u00e9alable d\u00e9couvrir l\u2019instrument lors d\u2019une animation r\u00e9alis\u00e9e \u00e0 la Maison de la Harpe ou dans leur \u00e9cole.<\/p>\n<p>&nbsp;<\/p>\n<p>Le 23 janvier, 3 harpistes ont pr\u00e9sent\u00e9 chacun un moment de l\u2019histoire de la harpe. Myrdhin, qui jouait sur harpe cord\u00e9e m\u00e9tal, a propos\u00e9 de la musique ancienne, puis Brigitte Baronnet a jou\u00e9 quelques unes de ses compositions sur harpe celtique, et enfin Mael Lhopiteau a fait d\u00e9couvrir les \u00e9tonnantes possibilit\u00e9s de l\u2019\u00e9lectroharpe associ\u00e9e \u00e0 des p\u00e9dales d\u2019effets.<\/p>\n<p>Petits et grands ont largement applaudi ce concert.<\/p>\n<p>&nbsp;<\/p>\n","protected":false},"excerpt":{"rendered":"<p>Le vendredi 23 janvier, en matin\u00e9e, la Maison de la Harpe a organis\u00e9 un concert dans la salle Robert Schuman \u00e0 Dinan. Ce concert a&hellip; <\/p>\n","protected":false},"author":2,"featured_media":0,"comment_status":"closed","ping_status":"closed","sticky":false,"template":"","format":"standard","meta":{"footnotes":""},"categories":[4],"tags":[],"class_list":["post-597","post","type-post","status-publish","format-standard","hentry","category-concerts"],"_links":{"self":[{"href":"https:\/\/www.harpe-celtique.fr\/maisondelaharpe\/wp-json\/wp\/v2\/posts\/597","targetHints":{"allow":["GET"]}}],"collection":[{"href":"https:\/\/www.harpe-celtique.fr\/maisondelaharpe\/wp-json\/wp\/v2\/posts"}],"about":[{"href":"https:\/\/www.harpe-celtique.fr\/maisondelaharpe\/wp-json\/wp\/v2\/types\/post"}],"author":[{"embeddable":true,"href":"https:\/\/www.harpe-celtique.fr\/maisondelaharpe\/wp-json\/wp\/v2\/users\/2"}],"replies":[{"embeddable":true,"href":"https:\/\/www.harpe-celtique.fr\/maisondelaharpe\/wp-json\/wp\/v2\/comments?post=597"}],"version-history":[{"count":4,"href":"https:\/\/www.harpe-celtique.fr\/maisondelaharpe\/wp-json\/wp\/v2\/posts\/597\/revisions"}],"predecessor-version":[{"id":602,"href":"https:\/\/www.harpe-celtique.fr\/maisondelaharpe\/wp-json\/wp\/v2\/posts\/597\/revisions\/602"}],"wp:attachment":[{"href":"https:\/\/www.harpe-celtique.fr\/maisondelaharpe\/wp-json\/wp\/v2\/media?parent=597"}],"wp:term":[{"taxonomy":"category","embeddable":true,"href":"https:\/\/www.harpe-celtique.fr\/maisondelaharpe\/wp-json\/wp\/v2\/categories?post=597"},{"taxonomy":"post_tag","embeddable":true,"href":"https:\/\/www.harpe-celtique.fr\/maisondelaharpe\/wp-json\/wp\/v2\/tags?post=597"}],"curies":[{"name":"wp","href":"https:\/\/api.w.org\/{rel}","templated":true}]}}