{"id":1333,"date":"2022-04-05T14:58:49","date_gmt":"2022-04-05T13:58:49","guid":{"rendered":"https:\/\/www.harpe-celtique.fr\/maisondelaharpe\/?p=1333"},"modified":"2022-05-06T13:08:08","modified_gmt":"2022-05-06T12:08:08","slug":"fetedelabretagne","status":"publish","type":"post","link":"https:\/\/www.harpe-celtique.fr\/maisondelaharpe\/fetedelabretagne\/","title":{"rendered":"F\u00eate de la Bretagne"},"content":{"rendered":"\n<p><strong>Le samedi 21 mai 2022 \u00e0 Dinan. <\/strong><\/p>\n\n\n\n<p>La Maison de la Harpe participe \u00e0 la F\u00eate de la Bretagne \u00e0 Dinan le samedi 21 mai. <\/p>\n\n\n\n<p>Au programme : musique sur les sc\u00e8nes plein air de la F\u00eate avec l&rsquo;ensemble de harpes et le duo Presqu&rsquo;un Team (harpe et batterie). Pour le programme de la F\u00eate de la Bretagne \u00e0 Dinan, c&rsquo;est ici <a href=\"https:\/\/www.facebook.com\/fetedelabretagnedinan\" target=\"_blank\" rel=\"noreferrer noopener\">https:\/\/www.facebook.com\/fetedelabretagnedinan<\/a><\/p>\n\n\n\n<p><strong>Conf\u00e9rence-concert d\u00e9couverte de la harpe \u00e0 17h, \u00e0 la Maison de la Harpe<\/strong><\/p>\n\n\n\n<p>Au milieu de la collection de harpes celtiques et du monde de la Maison de la Harpe, Lili vous embarque pour un petit tour du monde des harpes traditionnelles, depuis la pr\u00e9histoire jusqu\u2019\u00e0 nos jours, le tout ponctu\u00e9 de morceaux issus de la tradition celtique et d\u2019ailleurs. Un voyage musical dans le temps et l\u2019espace !&nbsp;<\/p>\n\n\n\n<p><em>Plein tarif : 8\u20ac, tarif r\u00e9duit 5\u20ac (6-18 ans, \u00e9tudiants, demandeurs d\u2019emploi), gratuit moins de 6 ans.<\/em><\/p>\n\n\n\n<p><em>Nombre de places limit\u00e9, sur r\u00e9servation \u00e0 la Maison de la harpe<\/em>. Dur\u00e9e : 1 heure<\/p>\n\n\n\n<p>MAISON DE LA HARPE \/ CRIHC<\/p>\n\n\n\n<p>6 Rue de l\u2019Horloge, 22100 DINAN<\/p>\n\n\n\n<p>02 96 87 36 69&nbsp; \/ contact@maisondelaharpe.org <\/p>\n\n\n\n<p><\/p>\n\n\n\n<p><\/p>\n","protected":false},"excerpt":{"rendered":"<p>Le samedi 21 mai 2022 \u00e0 Dinan. La Maison de la Harpe participe \u00e0 la F\u00eate de la Bretagne \u00e0 Dinan le samedi 21 mai.&hellip; <\/p>\n","protected":false},"author":2,"featured_media":0,"comment_status":"closed","ping_status":"closed","sticky":false,"template":"","format":"standard","meta":{"footnotes":""},"categories":[1],"tags":[],"class_list":["post-1333","post","type-post","status-publish","format-standard","hentry","category-actualite"],"_links":{"self":[{"href":"https:\/\/www.harpe-celtique.fr\/maisondelaharpe\/wp-json\/wp\/v2\/posts\/1333","targetHints":{"allow":["GET"]}}],"collection":[{"href":"https:\/\/www.harpe-celtique.fr\/maisondelaharpe\/wp-json\/wp\/v2\/posts"}],"about":[{"href":"https:\/\/www.harpe-celtique.fr\/maisondelaharpe\/wp-json\/wp\/v2\/types\/post"}],"author":[{"embeddable":true,"href":"https:\/\/www.harpe-celtique.fr\/maisondelaharpe\/wp-json\/wp\/v2\/users\/2"}],"replies":[{"embeddable":true,"href":"https:\/\/www.harpe-celtique.fr\/maisondelaharpe\/wp-json\/wp\/v2\/comments?post=1333"}],"version-history":[{"count":4,"href":"https:\/\/www.harpe-celtique.fr\/maisondelaharpe\/wp-json\/wp\/v2\/posts\/1333\/revisions"}],"predecessor-version":[{"id":1352,"href":"https:\/\/www.harpe-celtique.fr\/maisondelaharpe\/wp-json\/wp\/v2\/posts\/1333\/revisions\/1352"}],"wp:attachment":[{"href":"https:\/\/www.harpe-celtique.fr\/maisondelaharpe\/wp-json\/wp\/v2\/media?parent=1333"}],"wp:term":[{"taxonomy":"category","embeddable":true,"href":"https:\/\/www.harpe-celtique.fr\/maisondelaharpe\/wp-json\/wp\/v2\/categories?post=1333"},{"taxonomy":"post_tag","embeddable":true,"href":"https:\/\/www.harpe-celtique.fr\/maisondelaharpe\/wp-json\/wp\/v2\/tags?post=1333"}],"curies":[{"name":"wp","href":"https:\/\/api.w.org\/{rel}","templated":true}]}}