{"id":2791,"date":"2019-03-08T15:02:50","date_gmt":"2019-03-08T14:02:50","guid":{"rendered":"http:\/\/www.harpe-celtique.fr\/festival\/?p=2791"},"modified":"2019-05-17T09:43:34","modified_gmt":"2019-05-17T08:43:34","slug":"les-craspouilles","status":"publish","type":"post","link":"https:\/\/www.harpe-celtique.fr\/festival\/les-craspouilles\/","title":{"rendered":"Les Craspouilles"},"content":{"rendered":"<p><a href=\"https:\/\/www.harpe-celtique.fr\/festival\/katia-zunino\/les-craspouilles\/\" rel=\"attachment wp-att-2770\"><img loading=\"lazy\" decoding=\"async\" class=\"aligncenter size-medium wp-image-2770\" src=\"https:\/\/www.harpe-celtique.fr\/festival\/wp-content\/uploads\/2019\/03\/Les-Craspouilles-300x200.jpg\" alt=\"\" width=\"300\" height=\"200\" srcset=\"https:\/\/www.harpe-celtique.fr\/festival\/wp-content\/uploads\/2019\/03\/Les-Craspouilles-300x200.jpg 300w, https:\/\/www.harpe-celtique.fr\/festival\/wp-content\/uploads\/2019\/03\/Les-Craspouilles-768x512.jpg 768w, https:\/\/www.harpe-celtique.fr\/festival\/wp-content\/uploads\/2019\/03\/Les-Craspouilles.jpg 1024w\" sizes=\"auto, (max-width: 300px) 100vw, 300px\" \/><\/a><\/p>\n<p><strong>Taches et toi<\/strong><\/p>\n<p>Les Craspouilles aiment m\u00e9langer leur recherche personnelle en associant visuel et\u00a0 sonore. Les deux sens se mixent dans leurs mains pour donner naissance \u00e0 \u00ab\u00a0Taches et toi\u00a0\u00bb.<\/p>\n<p>\u00ab\u00a0Taches et toi\u00a0\u00bb est une performance de dessin live de Shawan Lesser, projet\u00e9 sur l\u2019interpr\u00e9tation musicale de Victoria Jehanne. Le temps d\u2019un instant, laissez les taches et personnages vous emmener dans un monde onirique en musique. Un instant l\u00e9ger pour reposer vos pens\u00e9es et faire place \u00e0 votre imagination au son de la harpe celtique.<\/p>\n<p>Victoria Jehanne\u00a0 : harpe<\/p>\n<p>Shawan Lesser : cr\u00e9ation graphique<\/p>\n<p><a href=\"https:\/\/lescraspouilles.wixsite.com\/lescraspouilles\" target=\"_blank\" rel=\"noopener noreferrer\">https:\/\/lescraspouilles.wixsite.com\/lescraspouilles<\/a><\/p>\n<p><strong>Vendredi 12 juillet, 17h30, Cordeliers, 10\u20ac\/5\u20ac.\u00a0<\/strong><\/p>\n","protected":false},"excerpt":{"rendered":"<p>Taches et toi Les Craspouilles aiment m\u00e9langer leur recherche personnelle en associant visuel et\u00a0 sonore. Les deux sens se mixent dans leurs mains pour donner&hellip; <\/p>\n","protected":false},"author":3,"featured_media":2876,"comment_status":"closed","ping_status":"open","sticky":false,"template":"","format":"standard","meta":{"_monsterinsights_skip_tracking":false,"_monsterinsights_sitenote_active":false,"_monsterinsights_sitenote_note":"","_monsterinsights_sitenote_category":0,"footnotes":"","_links_to":"","_links_to_target":""},"categories":[4],"tags":[],"class_list":["post-2791","post","type-post","status-publish","format-standard","has-post-thumbnail","hentry","category-artistes"],"_links":{"self":[{"href":"https:\/\/www.harpe-celtique.fr\/festival\/wp-json\/wp\/v2\/posts\/2791","targetHints":{"allow":["GET"]}}],"collection":[{"href":"https:\/\/www.harpe-celtique.fr\/festival\/wp-json\/wp\/v2\/posts"}],"about":[{"href":"https:\/\/www.harpe-celtique.fr\/festival\/wp-json\/wp\/v2\/types\/post"}],"author":[{"embeddable":true,"href":"https:\/\/www.harpe-celtique.fr\/festival\/wp-json\/wp\/v2\/users\/3"}],"replies":[{"embeddable":true,"href":"https:\/\/www.harpe-celtique.fr\/festival\/wp-json\/wp\/v2\/comments?post=2791"}],"version-history":[{"count":4,"href":"https:\/\/www.harpe-celtique.fr\/festival\/wp-json\/wp\/v2\/posts\/2791\/revisions"}],"predecessor-version":[{"id":2966,"href":"https:\/\/www.harpe-celtique.fr\/festival\/wp-json\/wp\/v2\/posts\/2791\/revisions\/2966"}],"wp:featuredmedia":[{"embeddable":true,"href":"https:\/\/www.harpe-celtique.fr\/festival\/wp-json\/wp\/v2\/media\/2876"}],"wp:attachment":[{"href":"https:\/\/www.harpe-celtique.fr\/festival\/wp-json\/wp\/v2\/media?parent=2791"}],"wp:term":[{"taxonomy":"category","embeddable":true,"href":"https:\/\/www.harpe-celtique.fr\/festival\/wp-json\/wp\/v2\/categories?post=2791"},{"taxonomy":"post_tag","embeddable":true,"href":"https:\/\/www.harpe-celtique.fr\/festival\/wp-json\/wp\/v2\/tags?post=2791"}],"curies":[{"name":"wp","href":"https:\/\/api.w.org\/{rel}","templated":true}]}}